{"id":1023,"date":"2024-06-30T11:13:34","date_gmt":"2024-06-30T14:13:34","guid":{"rendered":"https:\/\/eosfin.com.br\/blog\/?p=1023"},"modified":"2024-06-30T11:14:00","modified_gmt":"2024-06-30T14:14:00","slug":"voce-sabe-o-que-e-inversao-de-fluxo","status":"publish","type":"post","link":"https:\/\/eosfin.com.br\/blog\/voce-sabe-o-que-e-inversao-de-fluxo\/","title":{"rendered":"Voc\u00ea sabe o que \u00e9 invers\u00e3o de fluxo?"},"content":{"rendered":"\n<h2 class=\"wp-block-heading\"><strong>Introdu\u00e7\u00e3o<\/strong><\/h2>\n\n\n\n<p>A gera\u00e7\u00e3o de energia el\u00e9trica distribu\u00edda a partir de pain\u00e9is fotovoltaicos tem ganhado destaque no cen\u00e1rio energ\u00e9tico mundial. No Brasil, o crescimento acelerado da energia solar tem trazido \u00e0 tona v\u00e1rias quest\u00f5es t\u00e9cnicas e operacionais. Entre elas, a invers\u00e3o de fluxos de energia se destaca como um desafio significativo. Esta invers\u00e3o ocorre quando a energia gerada localmente excede o consumo e \u00e9 injetada na rede el\u00e9trica, mudando o sentido tradicional do fluxo de energia. Este artigo explora as implica\u00e7\u00f5es dessa invers\u00e3o, abordando aspectos t\u00e9cnicos, impactos na rede, regulamenta\u00e7\u00f5es e poss\u00edveis solu\u00e7\u00f5es.<\/p>\n\n\n\n<h2 class=\"wp-block-heading\"><strong>Aspectos T\u00e9cnicos da Invers\u00e3o de Fluxos<\/strong><\/h2>\n\n\n\n<p>A invers\u00e3o de fluxos de energia \u00e9 um fen\u00f4meno inerente \u00e0 gera\u00e7\u00e3o distribu\u00edda de eletricidade, especialmente quando se utiliza pain\u00e9is fotovoltaicos. Em um sistema el\u00e9trico tradicional, a energia flui das grandes usinas de gera\u00e7\u00e3o para os consumidores finais atrav\u00e9s da rede de transmiss\u00e3o e distribui\u00e7\u00e3o. No entanto, com a instala\u00e7\u00e3o de pain\u00e9is solares em resid\u00eancias, com\u00e9rcios e ind\u00fastrias, a energia gerada localmente pode ser maior do que a consumida, resultando na inje\u00e7\u00e3o do excedente na rede de distribui\u00e7\u00e3o. Este processo \u00e9 conhecido como &#8220;invers\u00e3o de fluxos&#8221; e pode causar diversas complica\u00e7\u00f5es t\u00e9cnicas.<\/p>\n\n\n\n<p>Um dos principais desafios t\u00e9cnicos \u00e9 a gest\u00e3o da tens\u00e3o na rede de distribui\u00e7\u00e3o. A inje\u00e7\u00e3o de energia gerada localmente pode elevar a tens\u00e3o nos pontos de interconex\u00e3o, causando problemas de qualidade de energia, como surtos de tens\u00e3o. Al\u00e9m disso, a variabilidade da gera\u00e7\u00e3o fotovoltaica, que depende das condi\u00e7\u00f5es clim\u00e1ticas, adiciona complexidade \u00e0 opera\u00e7\u00e3o da rede, exigindo sistemas de controle mais sofisticados para manter a estabilidade (ABSOLAR, 2023).<\/p>\n\n\n\n<p>Outro aspecto t\u00e9cnico relevante \u00e9 a coordena\u00e7\u00e3o entre os inversores fotovoltaicos e a rede el\u00e9trica. Os inversores s\u00e3o dispositivos que convertem a corrente cont\u00ednua gerada pelos pain\u00e9is solares em corrente alternada, compat\u00edvel com a rede. Estes dispositivos devem ser capazes de operar em harmonia com a rede, ajustando automaticamente suas opera\u00e7\u00f5es para responder \u00e0s varia\u00e7\u00f5es de tens\u00e3o e frequ\u00eancia. No entanto, a penetra\u00e7\u00e3o massiva de gera\u00e7\u00e3o distribu\u00edda pode sobrecarregar esses sistemas, exigindo atualiza\u00e7\u00f5es tecnol\u00f3gicas e novos padr\u00f5es de opera\u00e7\u00e3o (CANAL SOLAR, 2023).<\/p>\n\n\n\n<figure class=\"wp-block-image size-large\"><img fetchpriority=\"high\" decoding=\"async\" width=\"1024\" height=\"574\" src=\"https:\/\/eosfin.com.br\/blog\/wp-content\/uploads\/2024\/06\/Sistema-de-Energia-2-1024x574.jpg\" alt=\"\" class=\"wp-image-1028\" srcset=\"https:\/\/eosfin.com.br\/blog\/wp-content\/uploads\/2024\/06\/Sistema-de-Energia-2-1024x574.jpg 1024w, https:\/\/eosfin.com.br\/blog\/wp-content\/uploads\/2024\/06\/Sistema-de-Energia-2-300x168.jpg 300w, https:\/\/eosfin.com.br\/blog\/wp-content\/uploads\/2024\/06\/Sistema-de-Energia-2-768x430.jpg 768w, https:\/\/eosfin.com.br\/blog\/wp-content\/uploads\/2024\/06\/Sistema-de-Energia-2.jpg 1080w\" sizes=\"(max-width: 1024px) 100vw, 1024px\" \/><\/figure>\n\n\n\n<h2 class=\"wp-block-heading\"><strong>Impactos na Rede de Distribui\u00e7\u00e3o<\/strong><\/h2>\n\n\n\n<p>Os impactos da invers\u00e3o de fluxos de energia na rede de distribui\u00e7\u00e3o s\u00e3o variados e podem afetar tanto a infraestrutura quanto a opera\u00e7\u00e3o do sistema el\u00e9trico. A eleva\u00e7\u00e3o da tens\u00e3o \u00e9 um dos problemas mais comuns, mas n\u00e3o \u00e9 o \u00fanico. A presen\u00e7a de gera\u00e7\u00e3o distribu\u00edda pode tamb\u00e9m influenciar a prote\u00e7\u00e3o e a coordena\u00e7\u00e3o dos sistemas de prote\u00e7\u00e3o da rede. Dispositivos como disjuntores e rel\u00e9s de prote\u00e7\u00e3o s\u00e3o projetados para operar com base em fluxos de energia unidirecionais. A invers\u00e3o de fluxos pode causar opera\u00e7\u00f5es indevidas ou a falha em detectar e isolar falhas na rede, comprometendo a confiabilidade do fornecimento de energia (EPE, 2022).<\/p>\n\n\n\n<p>A gest\u00e3o da capacidade da rede \u00e9 outro ponto cr\u00edtico. Redes de distribui\u00e7\u00e3o foram projetadas originalmente para transportar energia em uma \u00fanica dire\u00e7\u00e3o, dos transformadores para os consumidores. Com a inje\u00e7\u00e3o de energia proveniente de gera\u00e7\u00e3o distribu\u00edda, algumas partes da rede podem enfrentar sobrecargas, enquanto outras podem permanecer subutilizadas. Isso exige uma reavalia\u00e7\u00e3o da infraestrutura existente e pode demandar investimentos significativos para adequar a rede \u00e0s novas condi\u00e7\u00f5es operacionais (ANEEL, 2012).<\/p>\n\n\n\n<p>Al\u00e9m disso, a gera\u00e7\u00e3o distribu\u00edda pode alterar os perfis de carga nas redes de distribui\u00e7\u00e3o. A variabilidade intr\u00ednseca da gera\u00e7\u00e3o solar, aliada ao consumo flutuante de energia pelos consumidores, cria desafios adicionais para a previs\u00e3o de carga e o planejamento operacional. Ferramentas avan\u00e7adas de gerenciamento de energia e sistemas de armazenamento s\u00e3o essenciais para mitigar esses impactos e assegurar a opera\u00e7\u00e3o eficiente da rede (ANEEL, 2015).<\/p>\n\n\n\n<h2 class=\"wp-block-heading\"><strong>Regulamenta\u00e7\u00f5es e Normativas<\/strong><\/h2>\n\n\n\n<p>A regula\u00e7\u00e3o da gera\u00e7\u00e3o distribu\u00edda e a gest\u00e3o da invers\u00e3o de fluxos de energia s\u00e3o aspectos cruciais para a integra\u00e7\u00e3o bem-sucedida da energia solar no sistema el\u00e9trico. No Brasil, a Ag\u00eancia Nacional de Energia El\u00e9trica (ANEEL) tem desempenhado um papel fundamental na cria\u00e7\u00e3o de normativas que facilitem essa integra\u00e7\u00e3o. A resolu\u00e7\u00e3o normativa n\u00ba 482\/2012, por exemplo, estabeleceu o marco regulat\u00f3rio para a micro e minigera\u00e7\u00e3o distribu\u00edda no pa\u00eds, permitindo que os consumidores instalem sistemas fotovoltaicos e injetem o excedente na rede (ANEEL, 2012).<\/p>\n\n\n\n<p>No entanto, \u00e0 medida que a penetra\u00e7\u00e3o de gera\u00e7\u00e3o distribu\u00edda aumenta, surge a necessidade de revis\u00f5es regulat\u00f3rias para lidar com os desafios emergentes. A resolu\u00e7\u00e3o normativa n\u00ba 687\/2015 foi uma dessas atualiza\u00e7\u00f5es, introduzindo melhorias nos procedimentos de conex\u00e3o e compensa\u00e7\u00e3o de energia. Mais recentemente, a resolu\u00e7\u00e3o normativa n\u00ba 887\/2020 trouxe novas regras para a remunera\u00e7\u00e3o pelo uso da rede de distribui\u00e7\u00e3o, visando equilibrar os custos e benef\u00edcios da gera\u00e7\u00e3o distribu\u00edda para todos os consumidores (ANEEL, 2020).<\/p>\n\n\n\n<p>Al\u00e9m das normas da ANEEL, \u00e9 importante considerar as diretrizes do Operador Nacional do Sistema El\u00e9trico (ONS) e das concession\u00e1rias de distribui\u00e7\u00e3o. Estas entidades trabalham em conjunto para garantir que a opera\u00e7\u00e3o da rede permane\u00e7a segura e eficiente, mesmo com a crescente presen\u00e7a de gera\u00e7\u00e3o distribu\u00edda. Medidas como a implementa\u00e7\u00e3o de tecnologias de smart grid e o uso de sistemas de armazenamento de energia t\u00eam sido incentivadas para mitigar os impactos da invers\u00e3o de fluxos (CANAL SOLAR, 2023).<\/p>\n\n\n\n<h2 class=\"wp-block-heading\"><strong>Solu\u00e7\u00f5es e Tecnologias para Mitiga\u00e7\u00e3o<\/strong><\/h2>\n\n\n\n<p>A mitiga\u00e7\u00e3o dos impactos da invers\u00e3o de fluxos de energia requer a ado\u00e7\u00e3o de diversas solu\u00e7\u00f5es tecnol\u00f3gicas e operacionais. Entre elas, destaca-se o uso de sistemas de armazenamento de energia. Baterias de grande capacidade podem armazenar o excedente de energia gerada durante os per\u00edodos de alta irradi\u00e2ncia solar e liberar essa energia durante os picos de consumo, ajudando a estabilizar a rede e reduzir a variabilidade da gera\u00e7\u00e3o solar (EPE, 2022).<\/p>\n\n\n\n<p>Outra solu\u00e7\u00e3o importante \u00e9 a moderniza\u00e7\u00e3o da rede el\u00e9trica por meio de tecnologias de smart grid. Redes inteligentes permitem uma gest\u00e3o mais eficaz e din\u00e2mica da distribui\u00e7\u00e3o de energia, utilizando sensores, comunica\u00e7\u00e3o em tempo real e sistemas automatizados para monitorar e controlar o fluxo de energia. Isso inclui a capacidade de ajustar automaticamente a tens\u00e3o e a frequ\u00eancia da rede, al\u00e9m de integrar de forma mais eficiente os recursos energ\u00e9ticos distribu\u00eddos (ANEEL, 2020). Uma tecnologia eficiente que permite ajustar fluxos de carga e frequ\u00eancia s\u00e3o as centrais el\u00e9tricas virtuais t\u00e9cnicas, do ingl\u00eas technical virtual power plants, que fornecem este servi\u00e7os a rede de distribui\u00e7\u00e3o, os chamados servi\u00e7os ancilares.<\/p>\n\n\n\n<p>Inversores avan\u00e7ados, com capacidade de fornecer servi\u00e7os auxiliares \u00e0 rede, tamb\u00e9m s\u00e3o essenciais. Esses dispositivos podem ajudar a regular a tens\u00e3o e a frequ\u00eancia, fornecendo suporte reativo e compensando varia\u00e7\u00f5es na gera\u00e7\u00e3o e no consumo. A utiliza\u00e7\u00e3o de inversores com funcionalidades avan\u00e7adas de controle e comunica\u00e7\u00e3o facilita a integra\u00e7\u00e3o da gera\u00e7\u00e3o distribu\u00edda, melhorando a estabilidade e a qualidade do fornecimento de energia (ABSOLAR, 2023).<\/p>\n\n\n\n<p>Por fim, pol\u00edticas de incentivo e programas de pesquisa e desenvolvimento s\u00e3o fundamentais para promover a inova\u00e7\u00e3o e a ado\u00e7\u00e3o dessas tecnologias. Parcerias entre governos, empresas e institui\u00e7\u00f5es de pesquisa podem acelerar o desenvolvimento de solu\u00e7\u00f5es eficazes, al\u00e9m de facilitar a implementa\u00e7\u00e3o de projetos-piloto e a dissemina\u00e7\u00e3o de boas pr\u00e1ticas no setor de energia (CANAL SOLAR, 2023).<\/p>\n\n\n\n<h2 class=\"wp-block-heading\"><strong>Considera\u00e7\u00f5es Finais<\/strong><\/h2>\n\n\n\n<p>A invers\u00e3o de fluxos de energia associada \u00e0 gera\u00e7\u00e3o distribu\u00edda a partir de pain\u00e9is fotovoltaicos apresenta desafios significativos, mas tamb\u00e9m oportunidades para modernizar e tornar o sistema el\u00e9trico mais resiliente e sustent\u00e1vel. A integra\u00e7\u00e3o bem-sucedida dessa tecnologia depende de um conjunto de medidas t\u00e9cnicas, regulat\u00f3rias e de inova\u00e7\u00e3o tecnol\u00f3gica. O Brasil, com seu potencial solar abundante e um mercado de energia din\u00e2mico, tem a oportunidade de liderar essa transforma\u00e7\u00e3o, criando um modelo de gera\u00e7\u00e3o distribu\u00edda que possa servir de refer\u00eancia para outros pa\u00edses.<\/p>\n\n\n\n<p><strong>Refer\u00eancias:<\/strong><\/p>\n\n\n\n<p>ABSOLAR. Panorama da Energia Solar no Brasil. 2023.<\/p>\n\n\n\n<p>Ag\u00eancia Nacional de Energia El\u00e9trica (ANEEL). Resolu\u00e7\u00e3o Normativa n\u00ba 482\/2012. 2012.<\/p>\n\n\n\n<p>Ag\u00eancia Nacional de Energia El\u00e9trica (ANEEL). Resolu\u00e7\u00e3o Normativa n\u00ba 687\/2015. 2015.<\/p>\n\n\n\n<p>Ag\u00eancia Nacional de Energia El\u00e9trica (ANEEL). Resolu\u00e7\u00e3o Normativa n\u00ba 887\/2020. 2020.<\/p>\n\n\n\n<p>Canal Solar. Artigos e Not\u00edcias sobre Gera\u00e7\u00e3o Distribu\u00edda e Energia Solar. 2023.<\/p>\n\n\n\n<p>Empresa de Pesquisa Energ\u00e9tica (EPE). Relat\u00f3rio de An\u00e1lise do Potencial de Gera\u00e7\u00e3o Distribu\u00edda. 2022.<\/p>\n","protected":false},"excerpt":{"rendered":"<p>Introdu\u00e7\u00e3o A gera\u00e7\u00e3o de energia el\u00e9trica distribu\u00edda a partir de pain\u00e9is fotovoltaicos tem ganhado destaque no cen\u00e1rio energ\u00e9tico mundial. No Brasil, o crescimento acelerado da energia solar tem trazido \u00e0 tona v\u00e1rias quest\u00f5es t\u00e9cnicas e operacionais. Entre elas, a invers\u00e3o de fluxos de energia se destaca como um desafio significativo. Esta invers\u00e3o ocorre quando a [&hellip;]<\/p>\n","protected":false},"author":9,"featured_media":1024,"comment_status":"open","ping_status":"open","sticky":false,"template":"","format":"standard","meta":{"footnotes":""},"categories":[6],"tags":[],"_links":{"self":[{"href":"https:\/\/eosfin.com.br\/blog\/wp-json\/wp\/v2\/posts\/1023"}],"collection":[{"href":"https:\/\/eosfin.com.br\/blog\/wp-json\/wp\/v2\/posts"}],"about":[{"href":"https:\/\/eosfin.com.br\/blog\/wp-json\/wp\/v2\/types\/post"}],"author":[{"embeddable":true,"href":"https:\/\/eosfin.com.br\/blog\/wp-json\/wp\/v2\/users\/9"}],"replies":[{"embeddable":true,"href":"https:\/\/eosfin.com.br\/blog\/wp-json\/wp\/v2\/comments?post=1023"}],"version-history":[{"count":0,"href":"https:\/\/eosfin.com.br\/blog\/wp-json\/wp\/v2\/posts\/1023\/revisions"}],"wp:featuredmedia":[{"embeddable":true,"href":"https:\/\/eosfin.com.br\/blog\/wp-json\/wp\/v2\/media\/1024"}],"wp:attachment":[{"href":"https:\/\/eosfin.com.br\/blog\/wp-json\/wp\/v2\/media?parent=1023"}],"wp:term":[{"taxonomy":"category","embeddable":true,"href":"https:\/\/eosfin.com.br\/blog\/wp-json\/wp\/v2\/categories?post=1023"},{"taxonomy":"post_tag","embeddable":true,"href":"https:\/\/eosfin.com.br\/blog\/wp-json\/wp\/v2\/tags?post=1023"}],"curies":[{"name":"wp","href":"https:\/\/api.w.org\/{rel}","templated":true}]}}